{"id":7357,"__str__":"PROJETO DE LEI COMPLEMENTAR n\u00ba 27 de 2023 | Proposi\u00e7\u00e3o inclusa na Ordem do Dia | 07/12/2023","link_detail_backend":"/materia/tramitacao/7357","metadata":{},"timestamp":"2023-12-08T13:45:31.779996-03:00","data_tramitacao":"2023-12-07","data_encaminhamento":"2023-12-07","urgente":false,"turno":"S","texto":"AO PLEN\u00c1RIO PARA DELIBERA\u00c7\u00c3O EM SEGUNDA DISCUSS\u00c3O.","data_fim_prazo":null,"ip":"177.126.130.24","ultima_edicao":"2023-12-08T13:45:31.418605-03:00","status":18,"materia":2256,"unidade_tramitacao_local":7,"unidade_tramitacao_destino":4,"user":3}